{"provider_url": "https://www.pedroleopoldo.mg.leg.br", "title": "Perguntas Frequentes", "html": "<p><img src=\"https://www.pedroleopoldo.mg.leg.br/imagens/faq-logo.png/image_thumb\" alt=\"FAQ\" class=\"image-right\" title=\"Faq Logo\" /></p>\r\n<h2 style=\"text-align: center; \">\u00a0 \u00a0 \u00a0 \u00a0 \u00a0 \u00a0 \u00a0 \u00a0 \u00a0 \u00a0 \u00a0 Perguntas</h2>\r\n<p>\u00a0</p>\r\n<p>1. <strong><a class=\"anchor-link\" href=\"#p1\" target=\"_self\" title=\"\">Como entro em contato com a C\u00e2mara?</a></strong><br />2. <strong><a class=\"anchor-link\" href=\"#p2\" target=\"_self\" title=\"\">Qual o CNPJ da C\u00e2mara?</a></strong><br />3. <strong><a class=\"anchor-link\" href=\"#p3\" target=\"_self\" title=\"\">Onde posso acessar a Legisla\u00e7\u00e3o Municipal?</a></strong><br />4. <strong><a class=\"anchor-link\" href=\"#p4\" target=\"_self\" title=\"\">O que corresponde o Processo Legislativo Municipal?</a></strong><br />5. <strong><a class=\"anchor-link\" href=\"#p5\" target=\"_self\" title=\"\">Como posso acessar c\u00f3pias dos editais de licita\u00e7\u00e3o da C\u00e2mara?</a></strong><br />6.<strong> <a class=\"anchor-link\" href=\"#p6\" target=\"_self\" title=\"\">O que faz a C\u00e2mara?</a></strong><br />7.<a class=\"anchor-link\" href=\"#p7\" target=\"_self\" title=\"\"> <strong>Quantos vereadores comp\u00f5em a C\u00e2mara Municipal de Pedro Leopoldo?</strong></a><br />8. <strong><a class=\"anchor-link\" href=\"#p8\" target=\"_self\" title=\"\">Quais os requisitos para se tornar vereador?</a></strong><br />9. <strong><a class=\"anchor-link\" href=\"#p9\" target=\"_self\" title=\"\">O vereador pode ser reeleito?</a></strong><br />10. <strong><a class=\"anchor-link\" href=\"#p10\" target=\"_self\" title=\"\">Como se desenvolve o trabalho do vereador?</a></strong><br />11. <strong><a class=\"anchor-link\" href=\"#p11\" target=\"_self\" title=\"\">O que \u00e9 o Regimento Interno?</a></strong><br />12. <strong><a class=\"anchor-link\" href=\"#p12\" target=\"_self\" title=\"\">O que \u00e9 a Lei Org\u00e2nica Municipal?</a></strong><br />13. <strong><a class=\"anchor-link\" href=\"#p13\" target=\"_self\" title=\"\">O que \u00e9 Mesa Diretora?</a></strong><br />14. <strong><a class=\"anchor-link\" href=\"#p14\" target=\"_self\" title=\"\">Quais os cargos da Mesa Diretora?</a></strong><br />15. <strong><a class=\"anchor-link\" href=\"#p15\" target=\"_self\" title=\"\">Qual a dura\u00e7\u00e3o do mandato da Mesa Diretora?</a></strong><br />16. <strong><a class=\"anchor-link\" href=\"#p16\" target=\"_self\" title=\"\">Como se renova a composi\u00e7\u00e3o da C\u00e2mara?</a></strong><br />17. <strong><a class=\"anchor-link\" href=\"#p17\" target=\"_self\" title=\"\">O que \u00e9 Legislatura?</a></strong><br />18. <strong><a class=\"anchor-link\" href=\"#p18\" target=\"_self\" title=\"\">O que \u00e9 Sess\u00e3o Legislativa?</a></strong><br />19.<a class=\"anchor-link\" href=\"#p19\" target=\"_self\" title=\"\"> <strong>O que \u00e9 a Lei Or\u00e7ament\u00e1ria Anual?</strong></a><br />20. <strong><a class=\"anchor-link\" href=\"#p20\" target=\"_self\" title=\"\">Quais os tipos de reuni\u00f5es que a C\u00e2mara Municipal\u00a0realiza?</a></strong><br />21. <strong><a class=\"anchor-link\" href=\"#p21\" target=\"_self\" title=\"\">Quando acontecem as Reuni\u00f5es Ordin\u00e1rias da C\u00e2mara Municipal?</a></strong><br />22. <strong><a class=\"anchor-link\" href=\"#p22\" target=\"_self\" title=\"\">Como acessar a pauta das reuni\u00f5es?</a></strong><br />23. <a class=\"anchor-link\" href=\"#p23\" target=\"_self\" title=\"\"><strong>Que tipo de manifesta\u00e7\u00e3o pode ser encaminhada \u00e0 Ouvidoria da C\u00e2mara Municipal?</strong><strong>\u00a0</strong></a></p>\r\n<h2 style=\"text-align: center; \"></h2>\r\n<h2 style=\"text-align: center; \"><br />Respostas</h2>\r\n<h2></h2>\r\n<h3><a name=\"p1\"></a>1. Como entro em contato com a C\u00e2mara?</h3>\r\n<p>O cidad\u00e3o pode entrar em contato com a C\u00e2mara dirigindo-se at\u00e9 a Rua Dr. Cristiano Otoni, 555, no Centro de Pedro Leopoldo / MG.<br /><span>Ou pelo telefone geral, n\u00famero (31) 3665-3200<br /></span><span>Ou pela internet no Portal da C\u00e2mara<em>\u00a0</em></span><strong><em><a class=\"external-link\" target=\"_blank\" title=\"\">https://www.pedroleopoldo.mg.leg.br/</a></em></strong><a target=\"_blank\"><br /></a><span>Pelo E-mail geral da C\u00e2mara:\u00a0</span><strong><em>camarapl@camarapl.mg.gov.br</em></strong></p>\r\n<p><span><br /></span></p>\r\n<h3><span><a name=\"p2\"></a>2. Qual o CNPJ da C\u00e2mara?</span></h3>\r\n<p class=\" \"><span>CNPJ: 20.131.090/0001-67</span></p>\r\n<p>\u00a0</p>\r\n<h3><a name=\"p3\"></a>3. Onde posso acessar a Legisla\u00e7\u00e3o Municipal?</h3>\r\n<p>A C\u00e2mara disponibiliza o acesso \u00e0 Legisla\u00e7\u00e3o Municipal na p\u00e1gina inicial do Portal da C\u00e2mara, ou atrav\u00e9s do Sistema de Apoio ao Processo Legislativo (SAPL) que pode ser acessado\u00a0\u00a0<strong><a class=\"external-link\" href=\"https://sapl.pedroleopoldo.mg.leg.br/norma/pesquisar\" target=\"_blank\" title=\"SAPL C\u00e2mara Municipal de Pedro Leopoldo\">aqui</a></strong></p>\r\n<p>\u00a0</p>\r\n<h3><a name=\"p4\"></a>4. O que corresponde o Processo Legislativo Municipal?</h3>\r\n<p>O processo legislativo municipal consiste na elabora\u00e7\u00e3o de Leis Ordin\u00e1rias, Leis Complementares, Emendas \u00e0 Lei Org\u00e2nica Municipal, Decretos Legislativos e Resolu\u00e7\u00f5es.</p>\r\n<p>\u00a0</p>\r\n<h3><a name=\"p5\"></a>5. Como posso acessar c\u00f3pias dos editais de licita\u00e7\u00e3o da C\u00e2mara?</h3>\r\n<p>Os editais de licita\u00e7\u00f5es est\u00e3o dispon\u00edveis na p\u00e1gina inicial do Portal da C\u00e2mara, na op\u00e7\u00e3o \"Licita\u00e7\u00f5es\", que pode ser acessado\u00a0<strong><a href=\"https://www.pedroleopoldo.mg.leg.br/transparencia/licitacoes-e-contratos\" target=\"_blank\">aqui</a></strong></p>\r\n<p>\u00a0</p>\r\n<h3><a name=\"p6\"></a>6. O que faz a C\u00e2mara?</h3>\r\n<p>As compet\u00eancias atuais da C\u00e2mara foram estabelecidas pela\u00a0Lei Org\u00e2nica do Munic\u00edpio.\u00a0 S\u00e3o atribui\u00e7\u00f5es da C\u00e2mara a elabora\u00e7\u00e3o das leis municipais e a fiscaliza\u00e7\u00e3o cont\u00e1bil, financeira, or\u00e7ament\u00e1ria, operacional e patrimonial do Munic\u00edpio e das entidades da administra\u00e7\u00e3o direta e indireta. Essas atribui\u00e7\u00f5es encontram-se especificadas em detalhes nos arts. 59 a 60 da\u00a0<em><strong><a href=\"https://sapl.pedroleopoldo.mg.leg.br/media/sapl/public/normajuridica/2002/573/1_lei_organica_atualizada_ate_2018_QdYk2D2.pdf\" target=\"_blank\" title=\"Lei Org\u00e2nica Municipal\">Lei Org\u00e2nica Municipal.</a></strong></em></p>\r\n<p>\u00a0</p>\r\n<h3><a name=\"p7\"></a>7. Quantos vereadores comp\u00f5em a C\u00e2mara Municipal de Pedro Leopoldo?</h3>\r\n<p>Atualmente, a C\u00e2mara Municipal de Pedro Leopoldo \u00e9 composta por 10 vereadores</p>\r\n<p>\u00a0</p>\r\n<h3><a name=\"p8\"></a>8. Quais os requisitos para se tornar vereador?</h3>\r\n<p>Para ser candidato ao cargo de vereador nas Elei\u00e7\u00f5es Municipais \u00e9 preciso, antes de tudo, obedecer os seguintes requisitos:</p>\r\n<ul>\r\n<li>ter nacionalidade brasileira (ser brasileiro nato ou naturalizado);</li>\r\n<li>possuir pleno exerc\u00edcio dos direitos pol\u00edticos;</li>\r\n<li>ser alfabetizado (saber ler e escrever);</li>\r\n<li>estar filiado a um partido pol\u00edtico por no m\u00ednimo 1 ano antes da elei\u00e7\u00e3o;</li>\r\n<li>ter o domic\u00edlio eleitoral no munic\u00edpio que pretende concorrer no m\u00ednimo 1 ano antes da elei\u00e7\u00e3o;</li>\r\n<li>estar quite com a Justi\u00e7a Eleitoral;</li>\r\n<li>ter 18 anos de idade na data-limite do registro de candidatura;</li>\r\n<li>certificado de reservista (apenas para pessoas do sexo masculino).</li>\r\n</ul>\r\n<p>\u00a0</p>\r\n<h3><a name=\"p9\"></a>9. O vereador pode ser reeleito?</h3>\r\n<p>Sim, por meio de elei\u00e7\u00f5es diretas, de quatro em quatro anos.</p>\r\n<p>\u00a0<span>\u00a0</span></p>\r\n<h3><a name=\"p10\"></a>10. Como se desenvolve o trabalho do vereador?</h3>\r\n<p>O vereador atua principalmente da seguinte forma:</p>\r\n<p>Elabora\u00e7\u00e3o de leis que visam melhorias da cidade e da vida da popula\u00e7\u00e3o, bem como decidir, por meio do voto, quais projetos de autoria do Legislativo ou do Executivo se tornar\u00e3o leis;</p>\r\n<p>Fiscalizar os atos do Poder Executivo, verificando se est\u00e1 cumprindo as obriga\u00e7\u00f5es de maneira adequada e sem descumprir a lei, denunciando irregularidades e at\u00e9 mesmo, em \u00faltima inst\u00e2ncia, podendo cassar o (a) prefeito (a) caso sejam comprovadas irregularidades;</p>\r\n<p>Atuar como elo entre a popula\u00e7\u00e3o e a Prefeitura, utilizando-se de uma ferramenta legal que tem \u00e0 sua disposi\u00e7\u00e3o, chamada Indica\u00e7\u00e3o de Lei, em que aponta para o Executivo quais as necessidades do munic\u00edpio.</p>\r\n<p>\u00a0</p>\r\n<h3><a name=\"p11\"></a>11. O que \u00e9 o Regimento Interno?</h3>\r\n<p>\u00c9 o regulamento da C\u00e2mara Municipal. O Regimento Interno \u00e9 elaborado e votado pelos vereadores, por interm\u00e9dio de Projeto de Resolu\u00e7\u00e3o, que \u00e9 promulgado pelo Presidente do Poder Legislativo. Por meio dele, a C\u00e2mara disciplina o processo de posse dos vereadores, do prefeito e do vice-prefeito, da instala\u00e7\u00e3o da Legislatura (per\u00edodo de quatro anos), o procedimento legislativo e os trabalhos dos vereadores, Mesa Diretora, Presid\u00eancia, bem como das Comiss\u00f5es Permanentes.\u00a0<br />Visualize o Regimento Interno desta Casa Legislativa clicando neste link:<em><strong> <a class=\"external-link\" href=\"https://sapl.pedroleopoldo.mg.leg.br/media/sapl/public/normajuridica/1998/20/1_regimento_interno_-_alteracoes_ate_2017_-_indice_NbhX0Uo.pdf\" target=\"_blank\" title=\"\">Regimento Interno C\u00e2mara Municipal de Pedro Leopoldo.</a></strong></em></p>\r\n<p>\u00a0</p>\r\n<h3><a name=\"p12\"></a>12. O que \u00e9 a Lei Org\u00e2nica Municipal?</h3>\r\n<p>\u00c9 o conjunto de normas que regem o munic\u00edpio. \u00c9 a lei mais importante da cidade. Por isso, cada munic\u00edpio tem autonomia para criar a sua pr\u00f3pria Lei Org\u00e2nica. Esta lei determina as atribui\u00e7\u00f5es do prefeito e dos vereadores. Trata tamb\u00e9m das pol\u00edticas agr\u00edcolas, de transportes, da educa\u00e7\u00e3o, da sa\u00fade, do meio ambiente, entre outras.\u00a0<br />Visualize a Lei Org\u00e2nica do Munic\u00edpio clicando neste link: <em><strong><a class=\"external-link\" href=\"https://sapl.pedroleopoldo.mg.leg.br/media/sapl/public/normajuridica/2002/573/1_lei_organica_atualizada_ate_2018_QdYk2D2.pdf\" target=\"_blank\" title=\"\">Lei Org\u00e2nica do Munic\u00edpio de Pedro Leopoldo</a></strong></em></p>\r\n<p>\u00a0<span>\u00a0</span></p>\r\n<h3><a name=\"p13\"></a>13. O que \u00e9 Mesa Diretora?\u00a0</h3>\r\n<p>A Mesa \u00e9 um \u00f3rg\u00e3o colegiado respons\u00e1vel pela dire\u00e7\u00e3o dos trabalhos legislativos e dos servi\u00e7os administrativos da C\u00e2mara.<br /><span>A Mesa Diretora ser\u00e1 eleita pelo voto da maioria dos membros da C\u00e2mara Municipal, em primeiro escrut\u00ednio, ou por maioria simples, em segundo escrut\u00ednio.\u00a0</span></p>\r\n<p>\u00a0</p>\r\n<h3><a name=\"p14\"></a>14. Quais os cargos da Mesa Diretora?</h3>\r\n<p>A Mesa comp\u00f5e-se do Presidente, do Vice - Presidente, do Secret\u00e1rio - geral e do Secret\u00e1rio.</p>\r\n<p>\u00a0\u00a0</p>\r\n<h3><a name=\"p15\"></a>15. Qual a dura\u00e7\u00e3o do mandato da Mesa Diretora?</h3>\r\n<p>O mandato do Presidente e dos demais membros da Mesa \u00e9 de 2 anos, vedada a recondu\u00e7\u00e3o para o mesmo cargo na elei\u00e7\u00e3o subsequente.\u00a0<br /><span>A composi\u00e7\u00e3o da Mesa Diretora e as compet\u00eancias de cada um de seus membros ser\u00e3o definidas pelo\u00a0</span><em><strong><a href=\"https://sapl.pedroleopoldo.mg.leg.br/media/sapl/public/normajuridica/1998/20/1_regimento_interno_-_alteracoes_ate_2017_-_indice_NbhX0Uo.pdf\" target=\"_blank\">Regimento Interno</a></strong></em><span><em><strong>,</strong> </em>observadas as disposi\u00e7\u00f5es legais sobre responsabilidade administrativa, financeira e or\u00e7ament\u00e1ria.</span></p>\r\n<p>\u00a0</p>\r\n<h3><a name=\"p16\"></a>16. Como se renova a composi\u00e7\u00e3o da C\u00e2mara?</h3>\r\n<p>A composi\u00e7\u00e3o da C\u00e2mara se renova a cada 4 anos, o que corresponde a uma legislatura.\u00a0</p>\r\n<p>\u00a0\u00a0</p>\r\n<h3><a name=\"p17\"></a>17. O que \u00e9 Legislatura?</h3>\r\n<p>Corresponde a um per\u00edodo de 4 anos que coincide exatamente com a dura\u00e7\u00e3o do mandato dos vereadores.\u00a0Tem in\u00edcio em 1\u00ba de janeiro do ano seguinte ao da elei\u00e7\u00e3o, quando se d\u00e1 a posse aos vereadores eleitos, e termina em 31 de dezembro do ano seguinte \u00e0 elei\u00e7\u00e3o subseq\u00fcente. \u00a0</p>\r\n<p>\u00a0\u00a0</p>\r\n<h3><a name=\"p18\"></a>18<span>. O que \u00e9 Sess\u00e3o Legislativa?</span></h3>\r\n<p>Corresponde ao per\u00edodo de trabalho parlamentar durante o ano. Divide-se em: sess\u00e3o legislativa ordin\u00e1ria e extraordin\u00e1ria. A sess\u00e3o legislativa ordin\u00e1ria inicia-se em 1\u00ba de fevereiro e encerra-se em 15 de dezembro, com recesso parlamentar de 16 de dezembro a 31 de janeiro; com exce\u00e7\u00e3o do primeiro ano de legislatura, que a sess\u00e3o legislativa ordin\u00e1ria inicia-se em 1\u00ba de janeiro. No entanto, a\u00a0sess\u00e3o ordin\u00e1ria n\u00e3o ser\u00e1 interrompida sem a aprova\u00e7\u00e3o da lei de diretrizes or\u00e7ament\u00e1rias e n\u00e3o ser\u00e1 encerrada sem a aprova\u00e7\u00e3o do projeto de lei or\u00e7ament\u00e1ria anual. A sess\u00e3o legislativa extraordin\u00e1ria somente ocorre quando houver convoca\u00e7\u00e3o extraordin\u00e1ria das autoridades competentes e somente para deliberar sobre mat\u00e9ria objeto da convoca\u00e7\u00e3o. (Artigo 8\u00ba a 9\u00ba do\u00a0<em><strong><a href=\"https://sapl.pedroleopoldo.mg.leg.br/media/sapl/public/normajuridica/1998/20/1_regimento_interno_-_alteracoes_ate_2017_-_indice_NbhX0Uo.pdf\" target=\"_blank\">Regimento Interno</a>)</strong></em>.</p>\r\n<p>\u00a0</p>\r\n<h3><a name=\"p19\"></a>19. O que \u00e9 a Lei Or\u00e7ament\u00e1ria Anual?</h3>\r\n<p>Essa lei cont\u00e9m a previs\u00e3o da receita e a fixa\u00e7\u00e3o da despesa para o ano seguinte. Nenhum \u00f3rg\u00e3o p\u00fablico, inclusive a C\u00e2mara Municipal, poder\u00e1 criar uma despesa que n\u00e3o esteja prevista no or\u00e7amento.</p>\r\n<p>\u00a0</p>\r\n<h3><a name=\"p20\"></a>20. Quais os tipos de reuni\u00f5es que a C\u00e2mara Municipal\u00a0realiza?</h3>\r\n<p>As reuni\u00f5es da C\u00e2mara s\u00e3o:</p>\r\n<p>I - preparat\u00f3rias, aquela a ocorrer no dia 1\u00ba de janeiro do primeiro ano de cada legislatura, destinadas exclusivamente a:</p>\r\n<p>\u00a0 \u00a0 \u00a0 \u00a0 \u00a0 a) dar posse aos Vereadores, ao Prefeito e ao Vice-Prefeito diplomados;<br /> \u00a0 \u00a0 \u00a0 \u00a0 \u00a0 b) eleger e dar posse \u00e0 sua Mesa Diretora para o primeiro bi\u00eanio;</p>\r\n<p>II - ordin\u00e1rias, as que se realizam com hor\u00e1rio, dura\u00e7\u00e3o e dias da semana previamente estabelecidos, independentemente de convoca\u00e7\u00e3o, exceto no per\u00edodo de recesso parlamentar;</p>\r\n<p><span>III - extraordin\u00e1rias, as que se realizam em hor\u00e1rio ou dias diversos daqueles previstos para as reuni\u00f5es ordin\u00e1rias e dependente de convoca\u00e7\u00e3o, nos mesmos termos previstos no art. 56, \u00a7 2\u00ba, II, e \u00a7 3\u00ba da <em><strong><a class=\"external-link\" href=\"https://sapl.pedroleopoldo.mg.leg.br/media/sapl/public/normajuridica/2002/573/1_lei_organica_atualizada_ate_2018_QdYk2D2.pdf\" target=\"_blank\" title=\"\">Lei Org\u00e2nica.</a></strong></em></span></p>\r\n<p><span><br />O dia e hor\u00e1rio das reuni\u00f5es ordin\u00e1rias ser\u00e3o determinados pelo Regimento Interno.</span></p>\r\n<p>\u00a0</p>\r\n<h3><a name=\"p21\"></a>21. Quando acontecem as Reuni\u00f5es Ordin\u00e1rias da C\u00e2mara Municipal?</h3>\r\n<p>As Reuni\u00f5es Ordin\u00e1rias acontecem todas as segundas-feiras, a partir das 18h, no Plen\u00e1rio Magno Claret Vieira.</p>\r\n<p>\u00a0</p>\r\n<h3><a name=\"p22\"></a>22. Como acessar a pauta das reuni\u00f5es?</h3>\r\n<p>Atrav\u00e9s do link\u00a0<strong><em><a title=\"\" href=\"https://www.pedroleopoldo.mg.leg.br/processo-legislativo/pauta-das-sessoes\" class=\"internal-link\" target=\"_blank\">https://www.pedroleopoldo.mg.leg.br/processo-legislativo/pauta-das-sessoes</a></em></strong></p>\r\n<p>\u00a0</p>\r\n<h3><span><a name=\"p23\"></a>23. Que tipo de manifesta\u00e7\u00e3o pode ser encaminhada \u00e0 Ouvidoria da C\u00e2mara Municipal?</span></h3>\r\n<p>Acessando o link \u201c<em><strong><a class=\"external-link\" href=\"https://www.pedroleopoldo.mg.leg.br/ouvidoria\" target=\"_blank\" title=\"\">Ouvidoria e-SIC</a></strong></em>\u201d, qualquer cidad\u00e3o poder\u00e1 abrir os seguintes tipos de solicita\u00e7\u00f5es:</p>\r\n<ul>\r\n<li>Den\u00fanica</li>\r\n<li>D\u00favida</li>\r\n<li>Elogio</li>\r\n<li>Pedido de Acesso \u00e0 Informa\u00e7\u00e3o</li>\r\n<li>Solicita\u00e7\u00e3o\u00a0</li>\r\n<li>Sugest\u00e3o</li>\r\n<li>Reclama\u00e7\u00e3o</li>\r\n</ul>\r\n<p>\u00a0</p>\r\n<div class=\"panel-group\" id=\"panel_9\">\r\n<div class=\"panel panel-default\">\r\n<div class=\"panel-collapse collapse in\" id=\"collapse_9\">\r\n<div class=\"panel-body\" id=\"panelContent_9\" data-loaded=\"false\">\r\n<p>\u00a0</p>\r\n<div></div>\r\n</div>\r\n</div>\r\n</div>\r\n</div>", "author_name": "Interlegis", "version": "1.0", "author_url": "https://www.pedroleopoldo.mg.leg.br/author/Interlegis", "provider_name": "C\u00e2mara Municipal de Pedro Leopoldo", "type": "rich"}