{"provider_url": "https://www.pedroleopoldo.mg.leg.br", "title": "Escola do Legislativo", "html": "<h2 style=\"text-align: center; \"><strong><br /><br />Escola do Legislativo (Ver. Renato Carvalho de Andrade Pinto)</strong></h2>\r\n<p><strong><br /></strong></p>\r\n<p><b>Cria\u00e7\u00e3o:\u00a0 \u00a0</b><strong><a title=\"\" href=\"https://www.pedroleopoldo.mg.leg.br/institucional/escola-do-legislativo/resolucao-861-2022-cria-escola-do-legislativo-da-camara-municipal-de-pedro-leopoldo-doc.pdf\" class=\"internal-link\" target=\"_blank\">Resolu\u00e7\u00e3o n\u00ba 861, de 16 de maio de 2022</a></strong></p>\r\n<p>\u00a0</p>\r\n<p><strong>Endere\u00e7o:<br /></strong><span>Rua Jos\u00e9 Pires Ara\u00fajo, n\u00ba 363, Lojas 1 e 2, Cachoeira Grande - Pedro Leopoldo / MG</span></p>\r\n<p>\u00a0</p>\r\n<p><strong>E-mail / Contato:<br /></strong><em>escoladolegislativo@pedroleopoldo.mg.leg.br</em></p>\r\n<p><span>\u00a0</span></p>\r\n<p><strong>Servi\u00e7os:</strong><br /><span>- Cursos de Capacita\u00e7\u00e3o<br /></span><span>- Oficinas<br /></span><span>- Debates P\u00fablicos<br /></span><span>- Grupos de Estudo</span></p>\r\n<p style=\"text-align: center; \"><br /><strong>Rafael Vieira Faria</strong><br />Presidente</p>", "author_name": "", "version": "1.0", "author_url": "https://www.pedroleopoldo.mg.leg.br/author/reisadm", "provider_name": "C\u00e2mara Municipal de Pedro Leopoldo", "type": "rich"}