{"provider_url": "https://www.pedroleopoldo.mg.leg.br", "title": "A C\u00e2mara", "html": "<p class=\" \"><span><br /></span></p>\r\n<p class=\" \"><span>O Brasil \u00e9 uma na\u00e7\u00e3o constitu\u00edda por uma rep\u00fablica federativa baseada na reparti\u00e7\u00e3o de seus tr\u00eas Poderes, sendo as esferas Legislativa, Executiva e Judici\u00e1ria independentes e harm\u00f4nicas entre si. Cabe ao Legislativo, primeiro poder da Rep\u00fablica, o papel predominante de</span><span class=\"Apple-converted-space\">\u00a0</span><strong>cria\u00e7\u00e3o de leis</strong><span class=\"Apple-converted-space\">\u00a0</span><span>e de\u00a0</span><strong>fiscaliza\u00e7\u00e3o</strong><span class=\"Apple-converted-space\">\u00a0</span><span>do Executivo.</span></p>\r\n<p class=\" \"><br /><span>No \u00e2mbito municipal, a fun\u00e7\u00e3o legislativa \u00e9 exercida pela</span><span class=\"Apple-converted-space\">\u00a0</span><strong>C\u00e2mara de Vereadores</strong><span>. Cabe aos parlamentares elaborar leis de forma abstrata, geral e impessoal; fiscalizar as a\u00e7\u00f5es da Prefeitura de modo a garantir a isen\u00e7\u00e3o e corre\u00e7\u00e3o dos gastos e demais atos p\u00fablicos; assessorar as demais esferas p\u00fablicas na busca pelo desenvolvimento do munic\u00edpio; e administrar de maneira eficaz a gest\u00e3o do pr\u00f3prio Legislativo.</span></p>\r\n<p class=\" \"><span><br /></span></p>\r\n<p class=\" \"><span><strong>C\u00c2MARA MUNICIPAL DE PEDRO LEOPOLDO</strong><br /><br /><span>Para representar sua vontade e soberania, o povo de Pedro Leopoldo conta com a representa\u00e7\u00e3o de um grupo de</span><span class=\"Apple-converted-space\">\u00a0</span><strong>10 vereadores</strong><span class=\"Apple-converted-space\">\u00a0</span><span>democraticamente eleitos a cada quatro anos. Os parlamentares legislam propondo e/ou aprovando projetos de interesse da sociedade pedroleopoldense.</span><br /><br /><span>Al\u00e9m de a\u00e7\u00f5es fiscalizadoras, como a convoca\u00e7\u00e3o de audi\u00eancias p\u00fablicas e a aprova\u00e7\u00e3o de requerimentos de pedidos de informa\u00e7\u00f5es, os vereadores exercem sua fun\u00e7\u00e3o atrav\u00e9s da cria\u00e7\u00e3o de Projetos de Lei, Projetos de Lei Complementar, Projetos de Resolu\u00e7\u00e3o e Propostas \u00e0 Lei Org\u00e2nica.</span></span></p>\r\n<p class=\" \">\u00a0</p>\r\n<h2><strong>Dados e Informa\u00e7\u00f5es</strong></h2>\r\n<p><strong><br /></strong></p>\r\n<table class=\"plain\" summary=\"Dados e Informa\u00e7\u00f5es\">\r\n<tbody>\r\n<tr><th>\r\n<p class=\" \"><strong>Primeira Elei\u00e7\u00e3o\u00a0</strong></p>\r\n</th><th class=\" \">\r\n<p><strong>1924</strong></p>\r\n</th></tr>\r\n<tr>\r\n<td>\r\n<p><strong>Funda\u00e7\u00e3o</strong></p>\r\n</td>\r\n<td>05/05/1978</td>\r\n</tr>\r\n<tr>\r\n<td><strong>Fun\u00e7\u00f5es</strong></td>\r\n<td>\r\n<p>Legislativa\u00a0 \u00a0 \u00a0 \u00a0 \u00a0 \u00a0 \u00a0 \u00a0Fiscalizadora</p>\r\n<p>Administrativa\u00a0 \u00a0 \u00a0 \u00a0 \u00a0Assessoramento</p>\r\n</td>\r\n</tr>\r\n<tr>\r\n<td><strong>Plen\u00e1rio</strong></td>\r\n<td>\r\n<p>Vereador Magno Claret Vieira</p>\r\n</td>\r\n</tr>\r\n<tr>\r\n<td><b>Legislaturas</b></td>\r\n<td>\r\n<p>23</p>\r\n</td>\r\n</tr>\r\n<tr>\r\n<td><b>N\u00famero atual de Vereadores</b></td>\r\n<td>\r\n<p>13</p>\r\n</td>\r\n</tr>\r\n<tr>\r\n<td><b>Servidores Efetivos</b></td>\r\n<td>\r\n<p>9</p>\r\n</td>\r\n</tr>\r\n<tr>\r\n<td><b>Servidores Comissionados</b></td>\r\n<td>52</td>\r\n</tr>\r\n<tr>\r\n<td><strong>Estagi\u00e1rios</strong></td>\r\n<td>9</td>\r\n</tr>\r\n</tbody>\r\n</table>\r\n<h2><br /><br /></h2>\r\n<h2>Atribui\u00e7\u00f5es da C\u00e2mara</h2>\r\n<p class=\"dt_materia\"><span><br /></span></p>\r\n<p class=\"dt_materia\"><span>Das Atribui\u00e7\u00f5es da C\u00e2mara Municipal</span><span class=\"glyphicon glyphicon-time\"></span></p>\r\n<p><br />Art. 59 - Cabe \u00e0 C\u00e2mara Municipal, com a san\u00e7\u00e3o do Prefeito, dispor sobre todas as mat\u00e9rias de compet\u00eancia do Munic\u00edpio, especialmente:<br />I - plano diretor e demais normas de car\u00e1ter urban\u00edstico;<br />II - plano plurianual, diretrizes or\u00e7ament\u00e1rias e or\u00e7amento anual;<br />III - sistema tribut\u00e1rio municipal;<br />IV - finan\u00e7as p\u00fablicas em geral, inclusive opera\u00e7\u00e3o de cr\u00e9dito, outorga de garantia e concess\u00e3o de benef\u00edcios fiscais;<br />V - organiza\u00e7\u00e3o dos servi\u00e7os p\u00fablicos e institui\u00e7\u00e3o de pol\u00edticas p\u00fablicas estruturais;<br />VI - organiza\u00e7\u00e3o administrativa, quadro de pessoal e regime jur\u00eddico dos servidores do Poder Executivo, exceto nos casos em que a Constitui\u00e7\u00e3o Federal admita disposi\u00e7\u00e3o em decreto;<br />VII - fixa\u00e7\u00e3o do subs\u00eddio do Prefeito, do Vice-Prefeito e dos Secret\u00e1rios Municipais, em parcela \u00fanica, sendo vedado qualquer acr\u00e9scimo, exceto o direito de percep\u00e7\u00e3o do 13\u00ba subsidio, de valor id\u00eantico ao subsidio mensal; (ALTERADO PELA EMENDA \u00c0 LOM N\u00ba 01/2004)<br />VIII - regime jur\u00eddico do patrim\u00f4nio p\u00fablico, incluindo autoriza\u00e7\u00e3o para aquisi\u00e7\u00e3o, aliena\u00e7\u00e3o ou concess\u00e3o de bens, salvo se a legisla\u00e7\u00e3o federal pertinente a dispensar;<br />IX - divis\u00e3o regional da administra\u00e7\u00e3o p\u00fablica;<br />X - altera\u00e7\u00e3o dos limites territoriais do Munic\u00edpio, a qualquer t\u00edtulo, nos termos da legisla\u00e7\u00e3o federal e estadual;<br />XI - autoriza\u00e7\u00e3o de participa\u00e7\u00e3o do Munic\u00edpio em entidade intermunicipal destinada \u00e0 execu\u00e7\u00e3o de servi\u00e7o ou obra de interesse comum;<br />XII - transfer\u00eancia da sede do Munic\u00edpio.<br /><br />Par\u00e1grafo \u00fanico - Compete privativamente \u00e0 C\u00e2mara Municipal, independentemente de san\u00e7\u00e3o do Prefeito:<br />I - elaborar o Regimento Interno;<br />II - definir sua organiza\u00e7\u00e3o administrativa, seu quadro de pessoal e o regime jur\u00eddico de seus servidores, exceto para os casos em que a Constitui\u00e7\u00e3o Federal exija lei;<br />III - abrir cr\u00e9dito suplementar ao seu or\u00e7amento, nos termos da legisla\u00e7\u00e3o federal, desta Lei Org\u00e2nica e da legisla\u00e7\u00e3o or\u00e7ament\u00e1ria municipal;<br />IV - suspender, no todo ou em parte, a execu\u00e7\u00e3o de qualquer ato normativo municipal que tenha sido, por decis\u00e3o definitiva do Poder Judici\u00e1rio, declarado infringente \u00e0s Constitui\u00e7\u00f5es Federal e Estadual ou \u00e0 Lei Org\u00e2nica;<br />V - sustar os atos normativos do poder Executivo que exorbitem do poder regulamentar ou dos limites de delega\u00e7\u00e3o legislativa, quando esta for admitida pela Constitui\u00e7\u00e3o Federal e por esta Lei Org\u00e2nica;<br />VI - julgar as contas prestadas pelo poder Executivo;<br />VII - indicar, observada a legisla\u00e7\u00e3o estadual, dos Vereadores representantes do Munic\u00edpio na Assembl\u00e9ia Metropolitana;<br />VIII - mudar, tempor\u00e1ria ou definitivamente, de sua sede;<br />IX - manifestar-se, pela maioria de seus membros, a favor de proposta de emenda \u00e0 Constitui\u00e7\u00e3o do Estado;<br />X - solicitar, pela maioria de seus membros, interven\u00e7\u00e3o estadual.<br /><br />Art. 60 - A C\u00e2mara Municipal poder\u00e1, por decis\u00e3o de seu plen\u00e1rio ou de qualquer de suas comiss\u00f5es:<br />I - convocar Secret\u00e1rio Municipal, dirigente de entidade da administra\u00e7\u00e3o p\u00fablica indireta ou delegat\u00e1rio de servi\u00e7o p\u00fablico municipal para prestarem, pessoalmente, informa\u00e7\u00f5es sobre atividades de sua compet\u00eancia, especificadas no ato correspondente;<br />II - requisitar do Prefeito ou de qualquer das autoridades referidas no inciso anterior informa\u00e7\u00f5es escritas sobre temas espec\u00edficos relacionados a sua compet\u00eancia.<br /><br />\u00a7 1\u00ba - No caso do inciso I deste artigo, respeitar-se-\u00e1 interst\u00edcio m\u00ednimo de dez dias entre a data de recebimento da convoca\u00e7\u00e3o e a data de realiza\u00e7\u00e3o da reuni\u00e3o na qual dever\u00e3o ser prestadas as informa\u00e7\u00f5es requeridas.</p>", "author_name": "Interlegis", "version": "1.0", "author_url": "https://www.pedroleopoldo.mg.leg.br/author/Interlegis", "provider_name": "C\u00e2mara Municipal de Pedro Leopoldo", "type": "rich"}