{"provider_url": "https://www.pedroleopoldo.mg.leg.br", "title": "Hist\u00f3ria", "html": "<h2 style=\"text-align: center; \"><strong><br /></strong></h2>\r\n<h2 style=\"text-align: center; \"><strong><br /></strong></h2>\r\n<h2 style=\"text-align: center; \"><strong>Hist\u00f3ria de Pedro Leopoldo</strong></h2>\r\n<p>\u00a0</p>\r\n<p class=\" \">O munic\u00edpio tem sua origem na agropecu\u00e1ria, de cunho relevante, ao lado da atividade industrial representada pela F\u00e1brica de Tecidos Cachoeira Grande, que teve sua constru\u00e7\u00e3o iniciada em 1893, sob a responsabilidade do Comendador Ant\u00f4nio Alves Ferreira da Silva, fazendeiro e cidad\u00e3o de apurado senso empreendedor.</p>\r\n<p class=\" \">A produ\u00e7\u00e3o t\u00eaxtil teve in\u00edcio em 1895. Um potencial energ\u00e9tico da cachoeira das Tr\u00eas Mo\u00e7as propiciou o surgimento de uma usina hidrel\u00e9trica para alimentar a f\u00e1brica de tecidos.</p>\r\n<p class=\" \">Em 17 de julho de 1901, foi criado o distrito com aproximadamente 1000 habitantes, pertencendo ao munic\u00edpio de Santa Luzia. Logo depois, recebeu o nome de Pedro Leopoldo, em homenagem ao sergipano, respons\u00e1vel pelo prolongamento da linha da ent\u00e3o Estrada de Ferro Central do Brasil.</p>\r\n<p class=\" \">Em 7 de setembro de 1923, a lei estadual n\u00ba 843, determinou a cria\u00e7\u00e3o do munic\u00edpio de Pedro Leopoldo. Sua instala\u00e7\u00e3o ocorreu em 27 de janeiro de 1924, tendo, consequentemente, Pedro Leopoldo emancipando-se do Munic\u00edpio de Santa Luzia.</p>\r\n<p class=\" \">O munic\u00edpio tem hoje como principal atividade, extra\u00e7\u00e3o e transforma\u00e7\u00e3o do calc\u00e1rio (cimento) e outras industrias afins que constituem s\u00f3lida base de sustenta\u00e7\u00e3o econ\u00f4mico-financeira. Sua origem agropecu\u00e1ria \u00e9 mantida, detendo significativa parcela na produ\u00e7\u00e3o de leite e sua industrializa\u00e7\u00e3o.</p>\r\n<p class=\" \">Privilegiada pela natureza, a cidade de Pedro Leopoldo \u00e9 dotada de rar\u00edssimas belezas naturais, com inscri\u00e7\u00f5es rupestres milenares de importante representa\u00e7\u00e3o cientifica, al\u00e9m disso, possui a Igreja Nossa Senhora do Ros\u00e1rio, onde se pode contemplar as obras do mestre Ant\u00f4nio Francisco Lisboa (Rua Aleijadinho).</p>\r\n<p>\u00a0</p>\r\n<p>\u00a0</p>\r\n<h2 style=\"text-align: center; \"><strong>S\u00edmbolos Municipais de Pedro Leopoldo</strong></h2>\r\n<p>\u00a0</p>\r\n<h3><strong>Bras\u00e3o</strong></h3>\r\n<p><strong><br /></strong></p>\r\n<p>O Bras\u00e3o de armas de Pedro Leopoldo tem a seguinte descri\u00e7\u00e3o: Escudo portugu\u00eas cl\u00e1ssico, partido cortado, tendo em primeiro campo de blau (azul), \u00e0 esquerda, na parte superior, uma cabe\u00e7a bovina; no mesmo campo, \u00e0 esquerda, e na parte inferior, um livro aberto e \u00e0 direita uma f\u00e1brica. No segundo campo de sinople (verde) ao centro, uma vestimenta do sable (preto) ao centro, proje\u00e7\u00e3o das tr\u00eas mo\u00e7as e uma locomotiva. No listel de goles (vermelho) em letras de prata, as legendas: \u00e0 destra, 17-7-1901 e, \u00e0 sinastria, 7-9-1923, ladeando ao centro o top\u00f4nimo de \u201cPedro Leopoldo\u201d. Como ornamentos exteriores, homenageando o antigo bras\u00e3o n\u00e3o oficial, mantiveram-se suas conven\u00e7\u00f5es e ilustra\u00e7\u00f5es. Por timbre, uma coroa mural de cinco torres em prata, caracter\u00edstica da soberania de munic\u00edpio.</p>\r\n<p>\u00a0</p>\r\n<h3>Bandeira</h3>\r\n<p>\u00a0</p>\r\n<p>A bandeira do munic\u00edpio fica institu\u00edda da seguinte forma: um ret\u00e2ngulo em branco com 19 m\u00f3dulos de largura e 13 m\u00f3dulos de altura e o debrum com 0,3 d\u00e9cimos de m\u00f3dulo. A bandeira, em tecido, ser\u00e1 executada a partir de um modelo b\u00e1sico, com 45 cm de largura.</p>\r\n<p>\u00a0</p>\r\n<p>\u00a0</p>\r\n<h2 style=\"text-align: center; \">O Patrono da cidade\u00a0</h2>\r\n<p>\u00a0</p>\r\n<p>Dr. Pedro Leopoldo da Silveira nasceu em 2/12/1850 no munic\u00edpio de s\u00e3o Crist\u00f3v\u00e3o, estado de Sergipe. Filho do Tenente Coronel Manoel Fernandes da Silveira e de Felismina Aguiar da Silveira, formado pela escola de engenharia do ex\u00e9rcito. Faleceu em 09 de agosto de 1894, na cidade de Sabar\u00e1. Naquela \u00e9poca, ele chefiava os trabalhos do prolongamento da estrada de ferro central do brasil para o norte de Minas.</p>\r\n<p>No atestado de \u00f3bito, o registro da causa mortis: \u201cCongest\u00e3o cerebral\u201d. Dr. Pedro Leopoldo foi sepultado no cemit\u00e9rio p\u00fablico de Sabar\u00e1. Seus restos mortais foram transladados para o cemit\u00e9rio de Pedro Leopoldo em 27/01/1964, quando a cidade completava 40 anos de emancipa\u00e7\u00e3o politica.</p>\r\n<p>\u00a0<span>\u00a0</span></p>\r\n<p>\u00a0</p>\r\n<h2 style=\"text-align: center; \"><strong>Hino de Pedro Leopoldo</strong></h2>\r\n<p><strong><br /></strong></p>\r\n<p style=\"text-align: left; \">Pedro Leopoldo ditosa,<br /> \"progressista do sert\u00e3o\"<br /> Cidade boa e formosa<br /> de teus filhos \u00e9s rinc\u00e3o!</p>\r\n<p style=\"text-align: left; \">Entre matas j\u00e1 frondosas<br /> e colinas bem garbosas<br /> margeando a ferrovia,<br /> tu nasceste mui gentil,<br /> tendo, a porta, a rodovia<br /> mais bonita do Brasil!</p>\r\n<p style=\"text-align: left; \">Tua origem \u00e9 singela,<br /> A hist\u00f3ria nos revela,<br /> grandes vultos de coragem<br /> transformaram a ribeira<br /> numa ind\u00fastria: tecelagem<br /> com a bela cachoeira!</p>\r\n<p style=\"text-align: left; \">Pedro Leopoldo ditosa,<br /> \"progressista do sert\u00e3o\"<br /> Cidade boa e formosa<br /> de teus filhos \u00e9s rinc\u00e3o!</p>\r\n<p style=\"text-align: left; \">Veneramos com carinho<br /> o artista \"Aleijadinho\"<br /> escultor do belo altar<br /> l\u00e1 na Quinta, Sumidoro;<br /> onde foram explorar<br /> bandeirantes minas d'ouro!</p>\r\n<p style=\"text-align: left; \">Com as lindas cachoeiras<br /> e a riqueza das pedreiras<br /> tens progresso e muita vida<br /> e belezas naturais,<br /> cada vez mais conhecida<br /> vais ficando nas \"Gerais\"! (bis)</p>\r\n<p style=\"text-align: right; \">Autor: Osvaldo Gon\u00e7alo do Carmo \u2013 Lei Municipal n\u00ba 504/68 de 17/03/1968</p>\r\n<p>\u00a0</p>", "author_name": "Interlegis", "version": "1.0", "author_url": "https://www.pedroleopoldo.mg.leg.br/author/Interlegis", "provider_name": "C\u00e2mara Municipal de Pedro Leopoldo", "type": "rich"}