{"provider_url": "https://www.pedroleopoldo.mg.leg.br", "title": "Termo de Posse Legislaturas", "html": "<h2><a title=\"\" href=\"resolveuid/d95f30b4a50c4a148af364dfb1adf436\" class=\"internal-link\" target=\"_blank\"><br /></a><a title=\"\" href=\"https://www.pedroleopoldo.mg.leg.br/processo-legislativo/termo-de-posse/ata-1a-solene-01-01-25.pdf\" class=\"internal-link\" target=\"_blank\">Ata 1\u00aa Sess\u00e3o Solene - Posse Prefeito, Vice-Prefeito, Vereadores - 23\u00aa Legislatura 2025/2028<br /></a><a title=\"\" href=\"resolveuid/d95f30b4a50c4a148af364dfb1adf436\" class=\"internal-link\" target=\"_blank\"><br /></a></h2>\r\n<h2><a title=\"\" href=\"https://www.pedroleopoldo.mg.leg.br/processo-legislativo/termo-de-posse/registro-chapa-mesa-diretora.pdf\" class=\"internal-link\" target=\"_blank\">Registro Chapa da Mesa Diretora - Bi\u00eanio 2025 / 2026<br /></a><a title=\"\" href=\"https://www.pedroleopoldo.mg.leg.br/processo-legislativo/termo-de-posse/lista_de_-veradores-diplomados.pdf\" class=\"internal-link\" target=\"_blank\"><br />Lista Vereadores Diplomados - 23\u00aa Legislatura 2025/2028<br /></a><a title=\"\" href=\"https://www.pedroleopoldo.mg.leg.br/processo-legislativo/termo-de-posse/comunicado_-_eleicao_da_mesa_diretora_assinado-1.pdf\" class=\"internal-link\" target=\"_blank\"><br />Elei\u00e7\u00e3o da Mesa Diretora - Bi\u00eanio 2025 / 2026</a></h2>\r\n<h2 class=\"headline\"></h2>\r\n<p>\u00a0</p>\r\n<h2 class=\"headline\"><a title=\"\" href=\"https://www.pedroleopoldo.mg.leg.br/processo-legislativo/termo-de-posse/2021/ata-1a-sessao-solene-posse-prefeita-vice-prefeita-e-vereadores\" class=\"internal-link\" target=\"_blank\">Ata 1\u00aa Sess\u00e3o Solene - Posse Prefeita, Vice-prefeita e Vereadores</a></h2>\r\n<p>\u00a0</p>\r\n<h2 class=\"headline\"><a title=\"\" href=\"https://www.pedroleopoldo.mg.leg.br/processo-legislativo/termo-de-posse/2021/termo-de-posse-22a-legislatura\" class=\"internal-link\" target=\"_blank\">Termo de Posse 22\u00aa Legislatura - Prefeita e Vice-prefeita</a></h2>\r\n<p>\u00a0</p>\r\n<h2 class=\"headline\"><a title=\"\" href=\"https://www.pedroleopoldo.mg.leg.br/processo-legislativo/termo-de-posse/2021/termo-de-posse-22a-legislatura-vereadores\" class=\"summary url internal-link\" target=\"_blank\">Termo de Posse 22\u00aa Legislatura - Vereadores</a></h2>\r\n<p>\u00a0</p>\r\n<h2><a title=\"\" href=\"https://www.pedroleopoldo.mg.leg.br/processo-legislativo/termo-de-posse/termo-de-posse-vereador-flavio-alves-fonseca-21a-legislatura\" class=\"internal-link\" target=\"_blank\">Termo de Posse Ver. Fl\u00e1vio Alves Fonseca - 21\u00aa Legislatura</a></h2>\r\n<p>\u00a0</p>\r\n<h2><a title=\"\" href=\"https://www.pedroleopoldo.mg.leg.br/processo-legislativo/termo-de-posse/oficio-circular-no-28-2022-registro-de-candidatura.pdf\" class=\"internal-link\" target=\"_blank\">Of\u00edcio Circular n\u00ba 28/2022 - Registro de Candidatura (Elei\u00e7\u00f5es da Mesa Diretora para bi\u00eanio 2023/2024</a>)</h2>\r\n<p>\u00a0</p>\r\n<h2><a title=\"\" href=\"https://www.pedroleopoldo.mg.leg.br/processo-legislativo/termo-de-posse/ata-da-5a-sessao-solene-posse-mesa-diretora-2023-2024.pdf\" class=\"internal-link\" target=\"_blank\">Ata da 5\u00aa Sess\u00e3o Solene - Posse Mesa Diretora (para bi\u00eanio 2023/2024)</a>\u00a0</h2>\r\n<h2><br /><br /></h2>\r\n<h2>\u00a0</h2>", "author_name": "adm", "version": "1.0", "author_url": "https://www.pedroleopoldo.mg.leg.br/author/adm", "provider_name": "C\u00e2mara Municipal de Pedro Leopoldo", "type": "rich"}